{"id":1213,"date":"2015-02-01T00:40:36","date_gmt":"2015-02-01T00:40:36","guid":{"rendered":"http:\/\/pagestrony.pl\/?p=1213"},"modified":"2015-02-01T00:40:36","modified_gmt":"2015-02-01T00:40:36","slug":"organizacja-pogrzebu-zaklad-pogrzebowy-warszawa","status":"publish","type":"post","link":"http:\/\/pagestrony.pl\/?p=1213","title":{"rendered":"Organizacja pogrzebu &#8211; zak\u0142ad pogrzebowy Warszawa"},"content":{"rendered":"<p>\u015amier\u0107, dla wielu os\u00f3b jest tematem tabu, elementem, o kt\u00f3rym nie chcemy rozmawia\u0107, a wr\u0119cz my\u015ble\u0107.<\/p>\n<p>Zapominamy, jednak \u017ce ka\u017cdy z nas w kt\u00f3rym\u015b momencie zmuszony jest do zatrzymania si\u0119, odej\u015bcia z tego \u015bwiata.<\/p>\n<p><!--more--><\/p>\n<p>Us\u0142ugi pogrzebowe Warszawa obejmuj\u0105 wiele mo\u017cliwo\u015bci zwi\u0105zanych z organizacj\u0105 pogrzebu, pomocom rodzinie, po\u017cegnaniu bliskiej nam m\u0119\u017cczy\u017ani i kobiety.<\/p>\n<p>Zak\u0142ad pogrzebowy w Warszawie wychodz\u0105c naprzeciw oczekiwaniom rodzin, pomaga w za\u0142atwieniu formalno\u015bci zwianych z pogrzebem, organizuje ceremonie w zgodzie z \u017cyczeniem i pragn\u0105 zmar\u0142ego , a opr\u00f3cz tego najbli\u017cszych. Mo\u017cliwo\u015b\u0107 poch\u00f3wku standardowego, ale i kremowania zmar\u0142ych, wyb\u00f3r trumien czy urn, obrz\u0105dk\u00f3w umo\u017cliwia na oddanie czci tym kt\u00f3rych ju\u017c z nami nie ma.<\/p>\n<p>Zak\u0142ad pogrzebowy nie jest miejscem strasznym czy odstraszaj\u0105cym to miejsce, w kt\u00f3rym bardzo wa\u017cnym elementem jest zorganizowanie pogrzebu w spos\u00f3b profesjonalny, idealny , a opr\u00f3cz tego daj\u0105cy mo\u017cliwo\u015b\u0107 na ko\u0144cow\u0105 drog\u0119 zmar\u0142ego z pe\u0142nymi honorami.<\/p>\n<p>\u015amier\u0107 nas przera\u017ca, natomiast dotyka ka\u017cdej osoby z nas, nale\u017cy rozmawia\u0107 o naszych wymaganiach zwi\u0105zanych z wiecznym spocznikiem.<\/p>\n<p>Aktualnie nie ma znacznie nasz wiek, zaw\u00f3d czy pochodzenie, nowoczesne zak\u0142ady maj\u0105 mo\u017cliwo\u015b\u0107 pomocy w zorganizowaniu r\u00f3\u017cnorodnych poch\u00f3wk\u00f3w zgodnych z wierzeniami, pogl\u0105dami czy zaleceniami rodzin zmar\u0142ych.<\/p>\n<p>Pomoc i zrozumienie , a ponadto profesjonalne podej\u015bcie do ka\u017cdej osoby z klient\u00f3w wyr\u00f3\u017cniaj\u0105 us\u0142ugi pogrzebowe. Mo\u017cliwo\u015b\u0107 zorganizowania poch\u00f3wku smutnego, a zarazem pi\u0119knego i niezapomnianego.<\/p>\n<p>Zdanie rodziny w tych chwilach jest elementem najbardziej istotnym.<\/p>\n<p>Zobacz: <a href=\"http:\/\/elegia-pogrzeby.pl\/\">us\u0142ugi pogrzebowe Warszawa<\/a>.<\/p>\n","protected":false},"excerpt":{"rendered":"<p>\u015amier\u0107, dla wielu os\u00f3b jest tematem tabu, elementem, o kt\u00f3rym nie chcemy rozmawia\u0107, a wr\u0119cz my\u015ble\u0107. Zapominamy, jednak \u017ce ka\u017cdy z nas w kt\u00f3rym\u015b momencie zmuszony jest do zatrzymania si\u0119, odej\u015bcia z tego \u015bwiata.<\/p>\n","protected":false},"author":1,"featured_media":0,"comment_status":"closed","ping_status":"closed","sticky":false,"template":"","format":"standard","meta":[],"categories":[1],"tags":[],"_links":{"self":[{"href":"http:\/\/pagestrony.pl\/index.php?rest_route=\/wp\/v2\/posts\/1213"}],"collection":[{"href":"http:\/\/pagestrony.pl\/index.php?rest_route=\/wp\/v2\/posts"}],"about":[{"href":"http:\/\/pagestrony.pl\/index.php?rest_route=\/wp\/v2\/types\/post"}],"author":[{"embeddable":true,"href":"http:\/\/pagestrony.pl\/index.php?rest_route=\/wp\/v2\/users\/1"}],"replies":[{"embeddable":true,"href":"http:\/\/pagestrony.pl\/index.php?rest_route=%2Fwp%2Fv2%2Fcomments&post=1213"}],"version-history":[{"count":1,"href":"http:\/\/pagestrony.pl\/index.php?rest_route=\/wp\/v2\/posts\/1213\/revisions"}],"predecessor-version":[{"id":1214,"href":"http:\/\/pagestrony.pl\/index.php?rest_route=\/wp\/v2\/posts\/1213\/revisions\/1214"}],"wp:attachment":[{"href":"http:\/\/pagestrony.pl\/index.php?rest_route=%2Fwp%2Fv2%2Fmedia&parent=1213"}],"wp:term":[{"taxonomy":"category","embeddable":true,"href":"http:\/\/pagestrony.pl\/index.php?rest_route=%2Fwp%2Fv2%2Fcategories&post=1213"},{"taxonomy":"post_tag","embeddable":true,"href":"http:\/\/pagestrony.pl\/index.php?rest_route=%2Fwp%2Fv2%2Ftags&post=1213"}],"curies":[{"name":"wp","href":"https:\/\/api.w.org\/{rel}","templated":true}]}}